{"id":4938,"date":"2025-10-20T15:59:05","date_gmt":"2025-10-20T15:59:05","guid":{"rendered":"https:\/\/saltbudapest.com\/?p=4938"},"modified":"2025-10-20T16:02:43","modified_gmt":"2025-10-20T16:02:43","slug":"harom-dij-egy-filozofia-oszi-merleg-a-salt-nal","status":"publish","type":"post","link":"https:\/\/saltbudapest.com\/hu\/harom-dij-egy-filozofia-oszi-merleg-a-salt-nal\/","title":{"rendered":"H\u00e1rom d\u00edj, egy filoz\u00f3fia \u2013 \u0151szi m\u00e9rleg a SALT-n\u00e1l"},"content":{"rendered":"<p><strong>Izgalmas id\u0151szakon vagyunk t\u00fal: az \u00e9tterem \u00e9s a csapat az elm\u00falt hetekben t\u00f6bb rangos szakmai elismer\u00e9st is kapott. Nemcsak siker\u00fclt meg\u0151rizn\u00fcnk Michelin-csillagunkat \u00e9s a Michelin-z\u00f6ld csillagot, de Szil\u00e1rd beker\u00fclt a The Best Chef Awards idei k\u00e9tk\u00e9ses \u00e9lvonal\u00e1ba, \u00e9s a friss Gault&amp;Millau kalauz is kiv\u00e1l\u00f3nak, n\u00e9gy szak\u00e1cssapk\u00e1val \u00e9rt\u00e9kelte az \u00e9tterm\u00fcnket.<\/strong><\/p>\n<p><strong>B\u00fcszk\u00e9k vagyunk, mert rangos elismer\u00e9sekr\u0151l van sz\u00f3, \u00e9s mert mindh\u00e1rom d\u00edj abban er\u0151s\u00edt meg benn\u00fcnket, amiben a SALT megalap\u00edt\u00e1sa \u00f3ta hisz\u00fcnk: abban, hogy a magyar paraszti hagyom\u00e1nyb\u00f3l vil\u00e1gsz\u00ednvonal\u00fa kort\u00e1rs konyha \u00e9p\u00fclhet fel.<\/strong><\/p>\n<p><img decoding=\"async\" class=\"size-full wp-image-4939 aligncenter\" src=\"https:\/\/saltbudapest.com\/wp-content\/uploads\/2025\/10\/A-@gaultmillau_hungary-galan-negy-szakacs-sapkat-kapott-az-etterem-es-a-csapat-valamint-17-pont.jpg\" alt=\"\" width=\"1066\" height=\"711\" srcset=\"https:\/\/saltbudapest.com\/wp-content\/uploads\/2025\/10\/A-@gaultmillau_hungary-galan-negy-szakacs-sapkat-kapott-az-etterem-es-a-csapat-valamint-17-pont.jpg 1066w, https:\/\/saltbudapest.com\/wp-content\/uploads\/2025\/10\/A-@gaultmillau_hungary-galan-negy-szakacs-sapkat-kapott-az-etterem-es-a-csapat-valamint-17-pont-980x654.jpg 980w, https:\/\/saltbudapest.com\/wp-content\/uploads\/2025\/10\/A-@gaultmillau_hungary-galan-negy-szakacs-sapkat-kapott-az-etterem-es-a-csapat-valamint-17-pont-480x320.jpg 480w\" sizes=\"(min-width: 0px) and (max-width: 480px) 480px, (min-width: 481px) and (max-width: 980px) 980px, (min-width: 981px) 1066px, 100vw\" \/><\/p>\n<p><b>Michelin-csillag<\/b><\/p>\n<p><span style=\"font-weight: 400;\">A <\/span><i><span style=\"font-weight: 400;\">Michelin Guide 2025<\/span><\/i><span style=\"font-weight: 400;\"> leg\u00fajabb magyar kiad\u00e1s\u00e1ban ism\u00e9t egy Michelin-csillaggal szerepel a SALT \u2013 id\u00e9n negyedik \u00e9ve \u0151rizz\u00fck ezt a min\u0151s\u00edt\u00e9st. Sokan mondj\u00e1k, hogy a csillagot megtartani gyakran nehezebb, mint megszerezni.\u00a0<\/span><\/p>\n<p><span style=\"font-weight: 400;\">A Michelin inspektorai minden \u00e9vben \u00fajra\u00e9rt\u00e9kelnek teljes titoktart\u00e1s mellett, kiz\u00e1r\u00f3lag a konyha min\u0151s\u00e9ge, technik\u00e1ja \u00e9s k\u00f6vetkezetess\u00e9ge alapj\u00e1n. Ez a d\u00edj abban er\u0151s\u00edt meg minket, hogy az elm\u00falt \u00e9vekben folyamatosan siker\u00fclt stabilan tartani azt a sz\u00ednvonalat, ami mindig k\u00fcl\u00f6nleges \u00e9lm\u00e9nyt ny\u00fajt vend\u00e9geinknek.<\/span><\/p>\n<p><b>Michelin-z\u00f6ld csillag<\/b><\/p>\n<p><span style=\"font-weight: 400;\">A z\u00f6ld csillag, amelyet a Michelin a fenntarthat\u00f3 \u00e9s felel\u0151s m\u0171k\u00f6d\u00e9s\u0171 \u00e9ttermeknek \u00edt\u00e9l oda, k\u00fcl\u00f6n\u00f6sen fontos sz\u00e1munkra. A SALT egyik alapelve, hogy az \u00e9tel az ember \u00e9s a term\u00e9szet kapcsolat\u00e1t is kifejezi.\u00a0<\/span><\/p>\n<p><span style=\"font-weight: 400;\">Mi magunk is gy\u0171jt\u00fcnk \u00e9s termeszt\u00fcnk alapanyagokat, szoros kapcsolatban vagyunk a nek\u00fcnk besz\u00e1ll\u00edt\u00f3 hazai termel\u0151kkel, folyamatosan k\u00eds\u00e9rletez\u00fcnk a konyhatechnol\u00f3giai m\u00f3dszerekkel, \u00e9s minden nap igyeksz\u00fcnk \u00fagy f\u0151zni, hogy konyh\u00e1nk \u00f6kol\u00f3giai l\u00e1bnyoma a lehet\u0151 legkisebb legyen. A z\u00f6ld csillag ezeknek a t\u00f6rekv\u00e9seinknek a meger\u0151s\u00edt\u00e9se.<\/span><\/p>\n<p><img decoding=\"async\" class=\"alignnone size-full wp-image-4941\" src=\"https:\/\/saltbudapest.com\/wp-content\/uploads\/2025\/10\/marie-hervehungary124_54842630542_o_1d4aa84f-f180-4c81-a284-22b8d605ce43-scaled.jpg\" alt=\"\" width=\"2560\" height=\"1439\" srcset=\"https:\/\/saltbudapest.com\/wp-content\/uploads\/2025\/10\/marie-hervehungary124_54842630542_o_1d4aa84f-f180-4c81-a284-22b8d605ce43-scaled.jpg 2560w, https:\/\/saltbudapest.com\/wp-content\/uploads\/2025\/10\/marie-hervehungary124_54842630542_o_1d4aa84f-f180-4c81-a284-22b8d605ce43-1280x720.jpg 1280w, https:\/\/saltbudapest.com\/wp-content\/uploads\/2025\/10\/marie-hervehungary124_54842630542_o_1d4aa84f-f180-4c81-a284-22b8d605ce43-980x551.jpg 980w, https:\/\/saltbudapest.com\/wp-content\/uploads\/2025\/10\/marie-hervehungary124_54842630542_o_1d4aa84f-f180-4c81-a284-22b8d605ce43-480x270.jpg 480w\" sizes=\"(min-width: 0px) and (max-width: 480px) 480px, (min-width: 481px) and (max-width: 980px) 980px, (min-width: 981px) and (max-width: 1280px) 1280px, (min-width: 1281px) 2560px, 100vw\" \/><\/p>\n<p><b>4 sapka a Gault&amp;Millau kalauzban<\/b><\/p>\n<p><span style=\"font-weight: 400;\">A <\/span><i><span style=\"font-weight: 400;\">Gault&amp;Millau<\/span><\/i><span style=\"font-weight: 400;\"> id\u00e9n, nyolc \u00e9v sz\u00fcnet ut\u00e1n t\u00e9rt vissza Magyarorsz\u00e1gra. A kalauz \u00e9rt\u00e9kel\u00e9si rendszer\u00e9ben a 13\u201314 pont j\u00f3nak, a 15\u201316 nagyon j\u00f3nak sz\u00e1m\u00edt, a 17 pontt\u00f3l felfel\u00e9 pedig m\u00e1r a nemzetk\u00f6zi szinten is kiemelked\u0151 konyham\u0171v\u00e9szetet jel\u00f6lik.<\/span><\/p>\n<p><span style=\"font-weight: 400;\">Az els\u0151 \u00faj kiad\u00e1sban a SALT 17 pontot kapott, amihez n\u00e9gy szak\u00e1cssapka, a legmagasabb elismer\u00e9s j\u00e1r. A tesztel\u0151k m\u00e9ltat\u00e1sa szerint a SALT-ban a magyar hagyom\u00e1ny \u00e9s a modern konyha p\u00e1rbesz\u00e9de val\u00f3sul meg.<\/span><\/p>\n<p><b>World Class elismer\u00e9s a The Best Chef d\u00edj\u00e1tad\u00f3n<\/b><\/p>\n<p><span style=\"font-weight: 400;\">Szil\u00e1rd k\u00e9t \u00e9ve ker\u00fclt be a vil\u00e1g 100 legjobb s\u00e9fje k\u00f6z\u00e9 egyed\u00fcli magyark\u00e9nt, tavaly pedig r\u00f6gt\u00f6n k\u00e9t k\u00e9ssel j\u00e1r\u00f3 World Class elismer\u00e9ssel jutalmazt\u00e1k \u2013 amit id\u00e9n is siker\u00fclt megtartania. Ez a rendszer h\u00e1rom fokozat\u00e1b\u00f3l a m\u00e1sodik, vagyis a <\/span><i><span style=\"font-weight: 400;\">World Class<\/span><\/i><span style=\"font-weight: 400;\">, azaz vil\u00e1gsz\u00ednvonal\u00fa kateg\u00f3ri\u00e1t jel\u00f6li.<\/span><\/p>\n<p><span style=\"font-weight: 400;\">A vil\u00e1g \u00e9lvonal\u00e1ba ker\u00fclni \u00f6nmag\u00e1ban is nagy sz\u00f3, de ez a d\u00edj annak a filoz\u00f3fi\u00e1nak a visszaigazol\u00e1sa is, amit a SALT konyh\u00e1ja k\u00e9pvisel. A <\/span><i><span style=\"font-weight: 400;\">The Best Chef<\/span><\/i><span style=\"font-weight: 400;\"> d\u00edj ugyanis nemcsak a technikai tud\u00e1st m\u00e9ri, hanem a k\u00f6z\u00f6ss\u00e9gre gyakorolt hat\u00e1st, az egyedi szeml\u00e9letet \u00e9s az egy\u00e9ni karaktert is elismeri \u2013 azt \u00e9rt\u00e9keli, ha egy s\u00e9f nem k\u00f6veti, hanem form\u00e1lja a gasztron\u00f3miai ir\u00e1nyokat.<\/span><\/p>\n<p><span style=\"font-weight: 400;\">A h\u00e1rom d\u00edj k\u00fcl\u00f6nb\u00f6z\u0151 szempontok ment\u00e9n ismerte el a SALT-ot, de k\u00f6z\u00f6s benn\u00fck, hogy mind a k\u00f6vetkezetess\u00e9get d\u00edjazz\u00e1k. A SALT-n\u00e1l alapvet\u00e9s, hogy minden nap ugyanazzal a figyelemmel legy\u00fcnk alapanyag, \u00edz \u00e9s ember ir\u00e1nt, az elismer\u00e9sek pedig annak bizony\u00edt\u00e9kai, hogy a r\u00e9gi magyar konyha lehet egyszerre \u0151szinte, kort\u00e1rs, nemzetk\u00f6zi \u00e9s fenntarthat\u00f3.<\/span><\/p>\n","protected":false},"excerpt":{"rendered":"<p>Izgalmas id\u0151szakon vagyunk t\u00fal: az \u00e9tterem \u00e9s a csapat az elm\u00falt hetekben t\u00f6bb rangos szakmai elismer\u00e9st is kapott. Nemcsak siker\u00fclt meg\u0151rizn\u00fcnk Michelin-csillagunkat \u00e9s a Michelin-z\u00f6ld csillagot, de Szil\u00e1rd beker\u00fclt a The Best Chef Awards idei k\u00e9tk\u00e9ses \u00e9lvonal\u00e1ba, \u00e9s a friss Gault&amp;Millau kalauz is kiv\u00e1l\u00f3nak, n\u00e9gy szak\u00e1cssapk\u00e1val \u00e9rt\u00e9kelte az \u00e9tterm\u00fcnket. B\u00fcszk\u00e9k vagyunk, mert rangos elismer\u00e9sekr\u0151l van [&hellip;]<\/p>\n","protected":false},"author":5,"featured_media":4939,"comment_status":"closed","ping_status":"closed","sticky":false,"template":"","format":"standard","meta":{"_et_pb_use_builder":"","_et_pb_old_content":"","_et_gb_content_width":"","footnotes":""},"categories":[18],"tags":[],"class_list":["post-4938","post","type-post","status-publish","format-standard","has-post-thumbnail","hentry","category-uncategorized-hu"],"yoast_head":"<!-- This site is optimized with the Yoast SEO Premium plugin v27.4 (Yoast SEO v27.4) - https:\/\/yoast.com\/product\/yoast-seo-premium-wordpress\/ -->\n<title>H\u00e1rom d\u00edj, egy filoz\u00f3fia \u2013 \u0151szi m\u00e9rleg a SALT-n\u00e1l - SALT Budapest<\/title>\n<meta name=\"robots\" content=\"index, follow, max-snippet:-1, max-image-preview:large, max-video-preview:-1\" \/>\n<link rel=\"canonical\" href=\"https:\/\/saltbudapest.com\/hu\/harom-dij-egy-filozofia-oszi-merleg-a-salt-nal\/\" \/>\n<meta property=\"og:locale\" content=\"hu_HU\" \/>\n<meta property=\"og:type\" content=\"article\" \/>\n<meta property=\"og:title\" content=\"H\u00e1rom d\u00edj, egy filoz\u00f3fia \u2013 \u0151szi m\u00e9rleg a SALT-n\u00e1l\" \/>\n<meta property=\"og:description\" content=\"Izgalmas id\u0151szakon vagyunk t\u00fal: az \u00e9tterem \u00e9s a csapat az elm\u00falt hetekben t\u00f6bb rangos szakmai elismer\u00e9st is kapott. Nemcsak siker\u00fclt meg\u0151rizn\u00fcnk Michelin-csillagunkat \u00e9s a Michelin-z\u00f6ld csillagot, de Szil\u00e1rd beker\u00fclt a The Best Chef Awards idei k\u00e9tk\u00e9ses \u00e9lvonal\u00e1ba, \u00e9s a friss Gault&amp;Millau kalauz is kiv\u00e1l\u00f3nak, n\u00e9gy szak\u00e1cssapk\u00e1val \u00e9rt\u00e9kelte az \u00e9tterm\u00fcnket. B\u00fcszk\u00e9k vagyunk, mert rangos elismer\u00e9sekr\u0151l van [&hellip;]\" \/>\n<meta property=\"og:url\" content=\"https:\/\/saltbudapest.com\/hu\/harom-dij-egy-filozofia-oszi-merleg-a-salt-nal\/\" \/>\n<meta property=\"og:site_name\" content=\"SALT Budapest\" \/>\n<meta property=\"article:published_time\" content=\"2025-10-20T15:59:05+00:00\" \/>\n<meta property=\"article:modified_time\" content=\"2025-10-20T16:02:43+00:00\" \/>\n<meta property=\"og:image\" content=\"https:\/\/saltbudapest.com\/wp-content\/uploads\/2025\/10\/A-@gaultmillau_hungary-galan-negy-szakacs-sapkat-kapott-az-etterem-es-a-csapat-valamint-17-pont.jpg\" \/>\n\t<meta property=\"og:image:width\" content=\"1066\" \/>\n\t<meta property=\"og:image:height\" content=\"711\" \/>\n\t<meta property=\"og:image:type\" content=\"image\/jpeg\" \/>\n<meta name=\"author\" content=\"kata.szabo\" \/>\n<meta name=\"twitter:card\" content=\"summary_large_image\" \/>\n<meta name=\"twitter:label1\" content=\"Szerz\u0151:\" \/>\n\t<meta name=\"twitter:data1\" content=\"kata.szabo\" \/>\n\t<meta name=\"twitter:label2\" content=\"Becs\u00fclt olvas\u00e1si id\u0151\" \/>\n\t<meta name=\"twitter:data2\" content=\"3 perc\" \/>\n<script type=\"application\/ld+json\" class=\"yoast-schema-graph\">{\"@context\":\"https:\\\/\\\/schema.org\",\"@graph\":[{\"@type\":\"Article\",\"@id\":\"https:\\\/\\\/saltbudapest.com\\\/hu\\\/harom-dij-egy-filozofia-oszi-merleg-a-salt-nal\\\/#article\",\"isPartOf\":{\"@id\":\"https:\\\/\\\/saltbudapest.com\\\/hu\\\/harom-dij-egy-filozofia-oszi-merleg-a-salt-nal\\\/\"},\"author\":{\"name\":\"kata.szabo\",\"@id\":\"https:\\\/\\\/saltbudapest.com\\\/hu\\\/#\\\/schema\\\/person\\\/4b9dca96493e25494f2f9c265ec529c0\"},\"headline\":\"H\u00e1rom d\u00edj, egy filoz\u00f3fia \u2013 \u0151szi m\u00e9rleg a SALT-n\u00e1l\",\"datePublished\":\"2025-10-20T15:59:05+00:00\",\"dateModified\":\"2025-10-20T16:02:43+00:00\",\"mainEntityOfPage\":{\"@id\":\"https:\\\/\\\/saltbudapest.com\\\/hu\\\/harom-dij-egy-filozofia-oszi-merleg-a-salt-nal\\\/\"},\"wordCount\":690,\"publisher\":{\"@id\":\"https:\\\/\\\/saltbudapest.com\\\/hu\\\/#organization\"},\"image\":{\"@id\":\"https:\\\/\\\/saltbudapest.com\\\/hu\\\/harom-dij-egy-filozofia-oszi-merleg-a-salt-nal\\\/#primaryimage\"},\"thumbnailUrl\":\"https:\\\/\\\/saltbudapest.com\\\/wp-content\\\/uploads\\\/2025\\\/10\\\/A-@gaultmillau_hungary-galan-negy-szakacs-sapkat-kapott-az-etterem-es-a-csapat-valamint-17-pont.jpg\",\"articleSection\":[\"Uncategorized @hu\"],\"inLanguage\":\"hu\"},{\"@type\":\"WebPage\",\"@id\":\"https:\\\/\\\/saltbudapest.com\\\/hu\\\/harom-dij-egy-filozofia-oszi-merleg-a-salt-nal\\\/\",\"url\":\"https:\\\/\\\/saltbudapest.com\\\/hu\\\/harom-dij-egy-filozofia-oszi-merleg-a-salt-nal\\\/\",\"name\":\"H\u00e1rom d\u00edj, egy filoz\u00f3fia \u2013 \u0151szi m\u00e9rleg a SALT-n\u00e1l - SALT Budapest\",\"isPartOf\":{\"@id\":\"https:\\\/\\\/saltbudapest.com\\\/hu\\\/#website\"},\"primaryImageOfPage\":{\"@id\":\"https:\\\/\\\/saltbudapest.com\\\/hu\\\/harom-dij-egy-filozofia-oszi-merleg-a-salt-nal\\\/#primaryimage\"},\"image\":{\"@id\":\"https:\\\/\\\/saltbudapest.com\\\/hu\\\/harom-dij-egy-filozofia-oszi-merleg-a-salt-nal\\\/#primaryimage\"},\"thumbnailUrl\":\"https:\\\/\\\/saltbudapest.com\\\/wp-content\\\/uploads\\\/2025\\\/10\\\/A-@gaultmillau_hungary-galan-negy-szakacs-sapkat-kapott-az-etterem-es-a-csapat-valamint-17-pont.jpg\",\"datePublished\":\"2025-10-20T15:59:05+00:00\",\"dateModified\":\"2025-10-20T16:02:43+00:00\",\"breadcrumb\":{\"@id\":\"https:\\\/\\\/saltbudapest.com\\\/hu\\\/harom-dij-egy-filozofia-oszi-merleg-a-salt-nal\\\/#breadcrumb\"},\"inLanguage\":\"hu\",\"potentialAction\":[{\"@type\":\"ReadAction\",\"target\":[\"https:\\\/\\\/saltbudapest.com\\\/hu\\\/harom-dij-egy-filozofia-oszi-merleg-a-salt-nal\\\/\"]}]},{\"@type\":\"ImageObject\",\"inLanguage\":\"hu\",\"@id\":\"https:\\\/\\\/saltbudapest.com\\\/hu\\\/harom-dij-egy-filozofia-oszi-merleg-a-salt-nal\\\/#primaryimage\",\"url\":\"https:\\\/\\\/saltbudapest.com\\\/wp-content\\\/uploads\\\/2025\\\/10\\\/A-@gaultmillau_hungary-galan-negy-szakacs-sapkat-kapott-az-etterem-es-a-csapat-valamint-17-pont.jpg\",\"contentUrl\":\"https:\\\/\\\/saltbudapest.com\\\/wp-content\\\/uploads\\\/2025\\\/10\\\/A-@gaultmillau_hungary-galan-negy-szakacs-sapkat-kapott-az-etterem-es-a-csapat-valamint-17-pont.jpg\",\"width\":1066,\"height\":711},{\"@type\":\"BreadcrumbList\",\"@id\":\"https:\\\/\\\/saltbudapest.com\\\/hu\\\/harom-dij-egy-filozofia-oszi-merleg-a-salt-nal\\\/#breadcrumb\",\"itemListElement\":[{\"@type\":\"ListItem\",\"position\":1,\"name\":\"Home\",\"item\":\"https:\\\/\\\/saltbudapest.com\\\/hu\\\/\"},{\"@type\":\"ListItem\",\"position\":2,\"name\":\"H\u00e1rom d\u00edj, egy filoz\u00f3fia \u2013 \u0151szi m\u00e9rleg a SALT-n\u00e1l\"}]},{\"@type\":\"WebSite\",\"@id\":\"https:\\\/\\\/saltbudapest.com\\\/hu\\\/#website\",\"url\":\"https:\\\/\\\/saltbudapest.com\\\/hu\\\/\",\"name\":\"SALT Budapest\",\"description\":\"\",\"publisher\":{\"@id\":\"https:\\\/\\\/saltbudapest.com\\\/hu\\\/#organization\"},\"potentialAction\":[{\"@type\":\"SearchAction\",\"target\":{\"@type\":\"EntryPoint\",\"urlTemplate\":\"https:\\\/\\\/saltbudapest.com\\\/hu\\\/?s={search_term_string}\"},\"query-input\":{\"@type\":\"PropertyValueSpecification\",\"valueRequired\":true,\"valueName\":\"search_term_string\"}}],\"inLanguage\":\"hu\"},{\"@type\":\"Organization\",\"@id\":\"https:\\\/\\\/saltbudapest.com\\\/hu\\\/#organization\",\"name\":\"SALT Budapest\",\"url\":\"https:\\\/\\\/saltbudapest.com\\\/hu\\\/\",\"logo\":{\"@type\":\"ImageObject\",\"inLanguage\":\"hu\",\"@id\":\"https:\\\/\\\/saltbudapest.com\\\/hu\\\/#\\\/schema\\\/logo\\\/image\\\/\",\"url\":\"https:\\\/\\\/saltbudapest.com\\\/wp-content\\\/uploads\\\/2023\\\/11\\\/logo.svg\",\"contentUrl\":\"https:\\\/\\\/saltbudapest.com\\\/wp-content\\\/uploads\\\/2023\\\/11\\\/logo.svg\",\"width\":1,\"height\":1,\"caption\":\"SALT Budapest\"},\"image\":{\"@id\":\"https:\\\/\\\/saltbudapest.com\\\/hu\\\/#\\\/schema\\\/logo\\\/image\\\/\"}},{\"@type\":\"Person\",\"@id\":\"https:\\\/\\\/saltbudapest.com\\\/hu\\\/#\\\/schema\\\/person\\\/4b9dca96493e25494f2f9c265ec529c0\",\"name\":\"kata.szabo\",\"image\":{\"@type\":\"ImageObject\",\"inLanguage\":\"hu\",\"@id\":\"https:\\\/\\\/secure.gravatar.com\\\/avatar\\\/1ad8fe8796dcbe4fb43e0dbcd29d72b0967defcc085b8f4e122ac368a401956c?s=96&d=mm&r=g\",\"url\":\"https:\\\/\\\/secure.gravatar.com\\\/avatar\\\/1ad8fe8796dcbe4fb43e0dbcd29d72b0967defcc085b8f4e122ac368a401956c?s=96&d=mm&r=g\",\"contentUrl\":\"https:\\\/\\\/secure.gravatar.com\\\/avatar\\\/1ad8fe8796dcbe4fb43e0dbcd29d72b0967defcc085b8f4e122ac368a401956c?s=96&d=mm&r=g\",\"caption\":\"kata.szabo\"}}]}<\/script>\n<!-- \/ Yoast SEO Premium plugin. -->","yoast_head_json":{"title":"H\u00e1rom d\u00edj, egy filoz\u00f3fia \u2013 \u0151szi m\u00e9rleg a SALT-n\u00e1l - SALT Budapest","robots":{"index":"index","follow":"follow","max-snippet":"max-snippet:-1","max-image-preview":"max-image-preview:large","max-video-preview":"max-video-preview:-1"},"canonical":"https:\/\/saltbudapest.com\/hu\/harom-dij-egy-filozofia-oszi-merleg-a-salt-nal\/","og_locale":"hu_HU","og_type":"article","og_title":"H\u00e1rom d\u00edj, egy filoz\u00f3fia \u2013 \u0151szi m\u00e9rleg a SALT-n\u00e1l","og_description":"Izgalmas id\u0151szakon vagyunk t\u00fal: az \u00e9tterem \u00e9s a csapat az elm\u00falt hetekben t\u00f6bb rangos szakmai elismer\u00e9st is kapott. Nemcsak siker\u00fclt meg\u0151rizn\u00fcnk Michelin-csillagunkat \u00e9s a Michelin-z\u00f6ld csillagot, de Szil\u00e1rd beker\u00fclt a The Best Chef Awards idei k\u00e9tk\u00e9ses \u00e9lvonal\u00e1ba, \u00e9s a friss Gault&amp;Millau kalauz is kiv\u00e1l\u00f3nak, n\u00e9gy szak\u00e1cssapk\u00e1val \u00e9rt\u00e9kelte az \u00e9tterm\u00fcnket. B\u00fcszk\u00e9k vagyunk, mert rangos elismer\u00e9sekr\u0151l van [&hellip;]","og_url":"https:\/\/saltbudapest.com\/hu\/harom-dij-egy-filozofia-oszi-merleg-a-salt-nal\/","og_site_name":"SALT Budapest","article_published_time":"2025-10-20T15:59:05+00:00","article_modified_time":"2025-10-20T16:02:43+00:00","og_image":[{"width":1066,"height":711,"url":"https:\/\/saltbudapest.com\/wp-content\/uploads\/2025\/10\/A-@gaultmillau_hungary-galan-negy-szakacs-sapkat-kapott-az-etterem-es-a-csapat-valamint-17-pont.jpg","type":"image\/jpeg"}],"author":"kata.szabo","twitter_card":"summary_large_image","twitter_misc":{"Szerz\u0151:":"kata.szabo","Becs\u00fclt olvas\u00e1si id\u0151":"3 perc"},"schema":{"@context":"https:\/\/schema.org","@graph":[{"@type":"Article","@id":"https:\/\/saltbudapest.com\/hu\/harom-dij-egy-filozofia-oszi-merleg-a-salt-nal\/#article","isPartOf":{"@id":"https:\/\/saltbudapest.com\/hu\/harom-dij-egy-filozofia-oszi-merleg-a-salt-nal\/"},"author":{"name":"kata.szabo","@id":"https:\/\/saltbudapest.com\/hu\/#\/schema\/person\/4b9dca96493e25494f2f9c265ec529c0"},"headline":"H\u00e1rom d\u00edj, egy filoz\u00f3fia \u2013 \u0151szi m\u00e9rleg a SALT-n\u00e1l","datePublished":"2025-10-20T15:59:05+00:00","dateModified":"2025-10-20T16:02:43+00:00","mainEntityOfPage":{"@id":"https:\/\/saltbudapest.com\/hu\/harom-dij-egy-filozofia-oszi-merleg-a-salt-nal\/"},"wordCount":690,"publisher":{"@id":"https:\/\/saltbudapest.com\/hu\/#organization"},"image":{"@id":"https:\/\/saltbudapest.com\/hu\/harom-dij-egy-filozofia-oszi-merleg-a-salt-nal\/#primaryimage"},"thumbnailUrl":"https:\/\/saltbudapest.com\/wp-content\/uploads\/2025\/10\/A-@gaultmillau_hungary-galan-negy-szakacs-sapkat-kapott-az-etterem-es-a-csapat-valamint-17-pont.jpg","articleSection":["Uncategorized @hu"],"inLanguage":"hu"},{"@type":"WebPage","@id":"https:\/\/saltbudapest.com\/hu\/harom-dij-egy-filozofia-oszi-merleg-a-salt-nal\/","url":"https:\/\/saltbudapest.com\/hu\/harom-dij-egy-filozofia-oszi-merleg-a-salt-nal\/","name":"H\u00e1rom d\u00edj, egy filoz\u00f3fia \u2013 \u0151szi m\u00e9rleg a SALT-n\u00e1l - SALT Budapest","isPartOf":{"@id":"https:\/\/saltbudapest.com\/hu\/#website"},"primaryImageOfPage":{"@id":"https:\/\/saltbudapest.com\/hu\/harom-dij-egy-filozofia-oszi-merleg-a-salt-nal\/#primaryimage"},"image":{"@id":"https:\/\/saltbudapest.com\/hu\/harom-dij-egy-filozofia-oszi-merleg-a-salt-nal\/#primaryimage"},"thumbnailUrl":"https:\/\/saltbudapest.com\/wp-content\/uploads\/2025\/10\/A-@gaultmillau_hungary-galan-negy-szakacs-sapkat-kapott-az-etterem-es-a-csapat-valamint-17-pont.jpg","datePublished":"2025-10-20T15:59:05+00:00","dateModified":"2025-10-20T16:02:43+00:00","breadcrumb":{"@id":"https:\/\/saltbudapest.com\/hu\/harom-dij-egy-filozofia-oszi-merleg-a-salt-nal\/#breadcrumb"},"inLanguage":"hu","potentialAction":[{"@type":"ReadAction","target":["https:\/\/saltbudapest.com\/hu\/harom-dij-egy-filozofia-oszi-merleg-a-salt-nal\/"]}]},{"@type":"ImageObject","inLanguage":"hu","@id":"https:\/\/saltbudapest.com\/hu\/harom-dij-egy-filozofia-oszi-merleg-a-salt-nal\/#primaryimage","url":"https:\/\/saltbudapest.com\/wp-content\/uploads\/2025\/10\/A-@gaultmillau_hungary-galan-negy-szakacs-sapkat-kapott-az-etterem-es-a-csapat-valamint-17-pont.jpg","contentUrl":"https:\/\/saltbudapest.com\/wp-content\/uploads\/2025\/10\/A-@gaultmillau_hungary-galan-negy-szakacs-sapkat-kapott-az-etterem-es-a-csapat-valamint-17-pont.jpg","width":1066,"height":711},{"@type":"BreadcrumbList","@id":"https:\/\/saltbudapest.com\/hu\/harom-dij-egy-filozofia-oszi-merleg-a-salt-nal\/#breadcrumb","itemListElement":[{"@type":"ListItem","position":1,"name":"Home","item":"https:\/\/saltbudapest.com\/hu\/"},{"@type":"ListItem","position":2,"name":"H\u00e1rom d\u00edj, egy filoz\u00f3fia \u2013 \u0151szi m\u00e9rleg a SALT-n\u00e1l"}]},{"@type":"WebSite","@id":"https:\/\/saltbudapest.com\/hu\/#website","url":"https:\/\/saltbudapest.com\/hu\/","name":"SALT Budapest","description":"","publisher":{"@id":"https:\/\/saltbudapest.com\/hu\/#organization"},"potentialAction":[{"@type":"SearchAction","target":{"@type":"EntryPoint","urlTemplate":"https:\/\/saltbudapest.com\/hu\/?s={search_term_string}"},"query-input":{"@type":"PropertyValueSpecification","valueRequired":true,"valueName":"search_term_string"}}],"inLanguage":"hu"},{"@type":"Organization","@id":"https:\/\/saltbudapest.com\/hu\/#organization","name":"SALT Budapest","url":"https:\/\/saltbudapest.com\/hu\/","logo":{"@type":"ImageObject","inLanguage":"hu","@id":"https:\/\/saltbudapest.com\/hu\/#\/schema\/logo\/image\/","url":"https:\/\/saltbudapest.com\/wp-content\/uploads\/2023\/11\/logo.svg","contentUrl":"https:\/\/saltbudapest.com\/wp-content\/uploads\/2023\/11\/logo.svg","width":1,"height":1,"caption":"SALT Budapest"},"image":{"@id":"https:\/\/saltbudapest.com\/hu\/#\/schema\/logo\/image\/"}},{"@type":"Person","@id":"https:\/\/saltbudapest.com\/hu\/#\/schema\/person\/4b9dca96493e25494f2f9c265ec529c0","name":"kata.szabo","image":{"@type":"ImageObject","inLanguage":"hu","@id":"https:\/\/secure.gravatar.com\/avatar\/1ad8fe8796dcbe4fb43e0dbcd29d72b0967defcc085b8f4e122ac368a401956c?s=96&d=mm&r=g","url":"https:\/\/secure.gravatar.com\/avatar\/1ad8fe8796dcbe4fb43e0dbcd29d72b0967defcc085b8f4e122ac368a401956c?s=96&d=mm&r=g","contentUrl":"https:\/\/secure.gravatar.com\/avatar\/1ad8fe8796dcbe4fb43e0dbcd29d72b0967defcc085b8f4e122ac368a401956c?s=96&d=mm&r=g","caption":"kata.szabo"}}]}},"_links":{"self":[{"href":"https:\/\/saltbudapest.com\/hu\/wp-json\/wp\/v2\/posts\/4938","targetHints":{"allow":["GET"]}}],"collection":[{"href":"https:\/\/saltbudapest.com\/hu\/wp-json\/wp\/v2\/posts"}],"about":[{"href":"https:\/\/saltbudapest.com\/hu\/wp-json\/wp\/v2\/types\/post"}],"author":[{"embeddable":true,"href":"https:\/\/saltbudapest.com\/hu\/wp-json\/wp\/v2\/users\/5"}],"replies":[{"embeddable":true,"href":"https:\/\/saltbudapest.com\/hu\/wp-json\/wp\/v2\/comments?post=4938"}],"version-history":[{"count":3,"href":"https:\/\/saltbudapest.com\/hu\/wp-json\/wp\/v2\/posts\/4938\/revisions"}],"predecessor-version":[{"id":4948,"href":"https:\/\/saltbudapest.com\/hu\/wp-json\/wp\/v2\/posts\/4938\/revisions\/4948"}],"wp:featuredmedia":[{"embeddable":true,"href":"https:\/\/saltbudapest.com\/hu\/wp-json\/wp\/v2\/media\/4939"}],"wp:attachment":[{"href":"https:\/\/saltbudapest.com\/hu\/wp-json\/wp\/v2\/media?parent=4938"}],"wp:term":[{"taxonomy":"category","embeddable":true,"href":"https:\/\/saltbudapest.com\/hu\/wp-json\/wp\/v2\/categories?post=4938"},{"taxonomy":"post_tag","embeddable":true,"href":"https:\/\/saltbudapest.com\/hu\/wp-json\/wp\/v2\/tags?post=4938"}],"curies":[{"name":"wp","href":"https:\/\/api.w.org\/{rel}","templated":true}]}}