{"id":726,"date":"2023-12-04T14:28:42","date_gmt":"2023-12-04T14:28:42","guid":{"rendered":"https:\/\/saltbudapest.com\/summer-kitchen-in-the-szabolcs-szatmar-region\/"},"modified":"2024-07-13T12:38:15","modified_gmt":"2024-07-13T12:38:15","slug":"tavaszi-konyha-szabolcs-szatmarban-salt","status":"publish","type":"post","link":"https:\/\/saltbudapest.com\/hu\/tavaszi-konyha-szabolcs-szatmarban-salt\/","title":{"rendered":"Tavaszi konyha Szabolcs-Szatm\u00e1rban"},"content":{"rendered":"<p><strong>A Salt konyh\u00e1ja ezer sz\u00e1lon kapcsol\u00f3dik Szil\u00e1rd m\u00e1t\u00e9szalkai gy\u00f6kereihez \u00e9s ahhoz az ig\u00e9ny\u00e9hez, hogy erre munk\u00e1ja sor\u00e1n visszautaljon. Az \u00faj tavaszi \u00e9tlap megtervez\u00e9sekor nemcsak gyerekkori \u00e9lm\u00e9nyeire t\u00e1maszkodott, de haza is utazott, hogy \u00fajra elmer\u00fclj\u00f6n abban az egyszer\u0171 paraszti konyh\u00e1ban, amiben mindennek \u00e9rt\u00e9ke van, amit a term\u00e9szet ad.<\/strong><\/p>\n<p><img decoding=\"async\" class=\"alignnone wp-image-293 size-full\" src=\"https:\/\/saltbudapest.com\/wp-content\/uploads\/2023\/12\/IMG_2364-1.jpg\" alt=\"\" width=\"1500\" height=\"1000\" srcset=\"https:\/\/saltbudapest.com\/wp-content\/uploads\/2023\/12\/IMG_2364-1.jpg 1500w, https:\/\/saltbudapest.com\/wp-content\/uploads\/2023\/12\/IMG_2364-1-1280x853.jpg 1280w, https:\/\/saltbudapest.com\/wp-content\/uploads\/2023\/12\/IMG_2364-1-980x653.jpg 980w, https:\/\/saltbudapest.com\/wp-content\/uploads\/2023\/12\/IMG_2364-1-480x320.jpg 480w\" sizes=\"(min-width: 0px) and (max-width: 480px) 480px, (min-width: 481px) and (max-width: 980px) 980px, (min-width: 981px) and (max-width: 1280px) 1280px, (min-width: 1281px) 1500px, 100vw\" \/><\/p>\n<p>A buck\u00e1kkal, gy\u00fcm\u00f6lcs\u00f6kkel taglalt ny\u00edrs\u00e9g \u00e9l\u0151vil\u00e1g\u00e1hoz a mez\u0151gazdas\u00e1gb\u00f3l \u00e9l\u0151 embereknek ma is szoros kapcsol\u00f3d\u00e1suk van. Az \u00e1llattart\u00e1s \u00e9s f\u00f6ldm\u0171vel\u00e9s mellett errefel\u00e9 mindennapos a vadon term\u0151 n\u00f6v\u00e9nyek gy\u0171jt\u00e9se, \u00e9s ez is er\u0151sen gasztron\u00f3miai be\u00e1gyazott\u00e1g\u00fa: a szabolcsi konyha v\u00e9gtelen kreativit\u00e1ssal ny\u00fal a vadn\u00f6v\u00e9nyekhez \u00e9s gomb\u00e1khoz is. Ez nemcsak a r\u00e9gi\u00f3 viszonylagos szeg\u00e9nys\u00e9g\u00e9b\u0151l ered\u0151 k\u00e9nyszer, de a v\u00e1ltozatos n\u00f6v\u00e9nyvil\u00e1gb\u00f3l ad\u00f3d\u00f3 lehet\u0151s\u00e9g is, amelyre t\u00e1maszkodva az itteni konyha ma is sokat meg tud \u0151rizni archaikus arc\u00e1b\u00f3l.<\/p>\n<p><strong>Tavasz Szabolcsban<\/strong><\/p>\n<p>Erd\u0151 \u00e9s mez\u0151 el\u0151sz\u00f6r a gy\u00f3gyn\u00f6v\u00e9nyekkel \u00e9s gomb\u00e1kkal robban be: az \u00e1rvacsal\u00e1n, a kucsmagomba, a vadfokhagyma \u00e9s a vadp\u00f3r\u00e9 nyitj\u00e1k a sort, de a kankalin, a turbolya vagy a ty\u00fakh\u00far ugyan\u00fagy\u00a0 fontos r\u00e9sze a konyh\u00e1nak \u00e9s a h\u00e1zi patik\u00e1nak, mint kicsit k\u00e9s\u0151bb az orgona, a bodza, a ribizli, a feketeribizli, vagy \u00e9pp a k\u00f6szm\u00e9te. Ezeket a n\u00f6v\u00e9nyeket a helyiek a legv\u00e1ltozatosabban, \u00e9s nem csak konyhai c\u00e9lra haszn\u00e1lj\u00e1k fel: Szil\u00e1rd mes\u00e9li, hogy gyerekkor\u00e1ban az orvos megh\u0171l\u00e9sre sem gy\u00f3gyszert, hanem szederindate\u00e1t \u00edrt fel, de m\u00e9g a kiskacsa is csal\u00e1nnal elkevert kukoric\u00e1t kapott, hogy jobban fejl\u0151dj\u00f6n.<\/p>\n<p>A tavasszal gy\u0171jt\u00f6tt n\u00f6v\u00e9nyek sz\u00e9pen kieg\u00e9sz\u00edtik a szer\u00e9ny haszonn\u00f6v\u00e9nyeket \u00e9s egy\u00e9b, helyben k\u00e9sz\u00fcl\u0151 \u00e9lelmiszereket is. A k\u00e1poszta, a kukorica, a z\u00f6lds\u00e9gek vagy a krumpli \u00edzes\u00edt\u00e9se mellett a tejterm\u00e9kekn\u00e9l \u00e9s a h\u00fas\u00e9telekhez is v\u00e1ltozatosan haszn\u00e1lj\u00e1k fel \u0151ket: a megy\u00e9ben nagyon n\u00e9pszer\u0171ek a gomb\u00e1val \u00edzes\u00edtett k\u00e1poszt\u00e1s \u00e9telek, a vadn\u00f6v\u00e9nyekkel is f\u0171szerezett levesek, tov\u00e1bb\u00e1 a h\u00fasok komp\u00f3tokkal, bogy\u00f3ssal, gy\u00fcm\u00f6lcslevesekkel val\u00f3 p\u00e1ros\u00edt\u00e1sa. Ez a soksz\u00edn\u0171s\u00e9g onnan ered, hogy a szabolcsi konyh\u00e1ban alf\u00f6ldi, erd\u00e9lyi \u00e9s k\u00e1rp\u00e1taljai hat\u00e1sok, valamint a zsid\u00f3 konyha befoly\u00e1sa is megfigyelhet\u0151, ez pedig n\u00e9h\u00e1ny eg\u00e9szen egyedi \u00e9telt eredm\u00e9nyez. A kreativit\u00e1s nemcsak a vadn\u00f6v\u00e9nyek felhaszn\u00e1l\u00e1s\u00e1ban van jelen, mert errefel\u00e9 a szinte semmib\u0151l lesz valami \u2013 toj\u00e1ss\u00e1rg\u00e1j\u00e1t cukorral elkeverve felejthetetlen gyerekkori desszert, vagy majdnem \u00fcres levesb\u0151l karakteres fog\u00e1s.<\/p>\n<p><img decoding=\"async\" class=\"alignnone wp-image-295 size-full\" src=\"https:\/\/saltbudapest.com\/wp-content\/uploads\/2023\/12\/szatmar_2-1536x864-1.jpg\" alt=\"\" width=\"1536\" height=\"864\" srcset=\"https:\/\/saltbudapest.com\/wp-content\/uploads\/2023\/12\/szatmar_2-1536x864-1.jpg 1536w, https:\/\/saltbudapest.com\/wp-content\/uploads\/2023\/12\/szatmar_2-1536x864-1-1280x720.jpg 1280w, https:\/\/saltbudapest.com\/wp-content\/uploads\/2023\/12\/szatmar_2-1536x864-1-980x551.jpg 980w, https:\/\/saltbudapest.com\/wp-content\/uploads\/2023\/12\/szatmar_2-1536x864-1-480x270.jpg 480w\" sizes=\"(min-width: 0px) and (max-width: 480px) 480px, (min-width: 481px) and (max-width: 980px) 980px, (min-width: 981px) and (max-width: 1280px) 1280px, (min-width: 1281px) 1536px, 100vw\" \/><\/p>\n<p><strong>Tavaszi asztal<\/strong><\/p>\n<p>Szabolcs-Szatm\u00e1r-Beregben sokf\u00e9le levest k\u00e9sz\u00edtenek. Ezek k\u00f6z\u00fcl a legjellegzetesebb a rusztikus g\u00f6rcsleves, mely szezon\u00e1lis z\u00f6lds\u00e9gekkel, tavasszal zsenge r\u00e9p\u00e1val \u00e9s pasztern\u00e1kkal, \u00fajhagym\u00e1val, sok-sok petrezselyemmel (\u00edns\u00e9gesebb id\u0151kben mindenf\u00e9le z\u00f6lds\u00e9g n\u00e9lk\u00fcl) k\u00e9sz\u00fcl, \u00e9s nev\u00e9t a bet\u00e9tj\u00e9r\u0151l, a masni vagy csom\u00f3form\u00e1ra igaz\u00edtott h\u00e1zi gy\u00fart t\u00e9szt\u00e1r\u00f3l kapta.<\/p>\n<p>A tavasz legnagyobb, az \u00e9vszak k\u00f6zep\u00e9re es\u0151 \u00fcnnepe a h\u00fasv\u00e9t, amikor is a sonka \u00e9s a toj\u00e1s mell\u0151l errefel\u00e9 nem maradhat el a s\u00e1rgat\u00far\u00f3 vagy \u00e9pp a t\u00f6lt\u00f6tt ty\u00fak sem, \u00e9s sok h\u00e1zn\u00e1l k\u00e9sz\u00edtenek k\u00fcl\u00f6nleges \u2013 szabolcsi m\u00f3dra paradicsomos \u2013 t\u00f6lt\u00f6tt k\u00e1poszt\u00e1t.<\/p>\n<p>A t\u00f6lt\u00f6tt ty\u00fak szimbolikus fog\u00e1s, ami az elfogyasztott \u00e1llattal szembeni al\u00e1zatra \u00e9s takar\u00e9koss\u00e1gra tan\u00edt: nincs kidoband\u00f3, vagy \u00e9rt\u00e9ktelen r\u00e9sz. A t\u00f6lt\u00f6tt libanyakhoz hasonl\u00f3 \u00e9telhez a ty\u00fakot megkopasztj\u00e1k, majd a b\u0151re al\u00e1 \u00f3vatosan leveg\u0151t f\u00fajva h\u00fas\u00e1t a sz\u00e1rny- \u00e9s combv\u00e9g kiv\u00e9tel\u00e9vel teljesen elv\u00e1lasztj\u00e1k a b\u0151rt\u0151l. A b\u0151rt ezut\u00e1n legt\u00f6bbsz\u00f6r toj\u00e1sos-zseml\u00e9s, petrezselymes t\u00f6ltel\u00e9kkel t\u00f6ltik meg, majd hidegen szeletelik, a h\u00fasv\u00e9ti asztalra ker\u00fclte el\u0151tt pedig meg is \u00e1ldj\u00e1k.<\/p>\n<p><img decoding=\"async\" class=\"alignnone wp-image-297 size-full\" src=\"https:\/\/saltbudapest.com\/wp-content\/uploads\/2023\/12\/szatmar_1-1536x864-1.jpg\" alt=\"\" width=\"1536\" height=\"864\" srcset=\"https:\/\/saltbudapest.com\/wp-content\/uploads\/2023\/12\/szatmar_1-1536x864-1.jpg 1536w, https:\/\/saltbudapest.com\/wp-content\/uploads\/2023\/12\/szatmar_1-1536x864-1-1280x720.jpg 1280w, https:\/\/saltbudapest.com\/wp-content\/uploads\/2023\/12\/szatmar_1-1536x864-1-980x551.jpg 980w, https:\/\/saltbudapest.com\/wp-content\/uploads\/2023\/12\/szatmar_1-1536x864-1-480x270.jpg 480w\" sizes=\"(min-width: 0px) and (max-width: 480px) 480px, (min-width: 481px) and (max-width: 980px) 980px, (min-width: 981px) and (max-width: 1280px) 1280px, (min-width: 1281px) 1536px, 100vw\" \/><\/p>\n<p>A s\u00e1rgat\u00far\u00f3 szint\u00e9n a szatm\u00e1ri h\u00fasv\u00e9t elengedhetetlen kell\u00e9ke, m\u00e1sfel\u00e9 alig ismerik, itt viszont nem maradhat el az asztalr\u00f3l. Elk\u00e9sz\u00edt\u00e9shez a tejet toj\u00e1ssal, s\u00f3val \u00e9s cukorral lass\u00fa t\u0171z\u00f6n addig meleg\u00edtik, am\u00edg a kever\u00e9k feh\u00e9rj\u00e9i kicsap\u00f3dnak. Ekkor s\u0171r\u0171 sz\u00f6v\u00e9s\u0171 g\u00e9zre vagy konyharuh\u00e1ra szedik a massz\u00e1t, cs\u00f6p\u00f6gtetik, ha kih\u0171lt, kinyomj\u00e1k bel\u0151le a felesleges folyad\u00e9kot, ezut\u00e1n gomb\u00f3cba csom\u00f3zva sajtolj\u00e1k \u00e9s l\u00f3gatva csepegtetik tov\u00e1bb. Kih\u0171lve gomolyaszer\u0171en szeletelhet\u0151, \u00e9l\u00e9nk csibes\u00e1rga, itt-ott feh\u00e9r foltos finoms\u00e1g lesz bel\u0151le, ami \u00e9des-s\u00f3s \u00edze miatt a sonk\u00e1hoz \u00e9s a toj\u00e1shoz \u00e9pp\u00fagy illik, mint az \u00e9des kal\u00e1cshoz.<\/p>\n<p>Fontos, sokszor \u00fcnnepi \u00e9tel a szabolcsi t\u00f6lt\u00f6tt k\u00e1poszta is, aminek nemcsak az a k\u00fcl\u00f6nlegess\u00e9ge, hogy paradicsomosan k\u00e9sz\u00fcl, de az is, hogy a h\u00fasos kever\u00e9ket \u00e9desk\u00e1poszta \u00e9s vadtorma level\u00e9be csavarj\u00e1k az apr\u00f3 csomagokat.<\/p>\n<p><img decoding=\"async\" class=\"alignnone wp-image-299 size-full\" src=\"https:\/\/saltbudapest.com\/wp-content\/uploads\/2023\/12\/szatmar_3-1536x864-1.jpg\" alt=\"\" width=\"1536\" height=\"864\" srcset=\"https:\/\/saltbudapest.com\/wp-content\/uploads\/2023\/12\/szatmar_3-1536x864-1.jpg 1536w, https:\/\/saltbudapest.com\/wp-content\/uploads\/2023\/12\/szatmar_3-1536x864-1-1280x720.jpg 1280w, https:\/\/saltbudapest.com\/wp-content\/uploads\/2023\/12\/szatmar_3-1536x864-1-980x551.jpg 980w, https:\/\/saltbudapest.com\/wp-content\/uploads\/2023\/12\/szatmar_3-1536x864-1-480x270.jpg 480w\" sizes=\"(min-width: 0px) and (max-width: 480px) 480px, (min-width: 481px) and (max-width: 980px) 980px, (min-width: 981px) and (max-width: 1280px) 1280px, (min-width: 1281px) 1536px, 100vw\" \/><\/p>\n<p><strong>J\u00f6n a ny\u00e1r!<\/strong><\/p>\n<p>Tavasz v\u00e9g\u00e9re, m\u00e1jusra azt\u00e1n egy sor \u00fajabb izgalmas n\u00f6v\u00e9ny, vel\u00fck egy\u00fctt pedig sok finoms\u00e1g \u00e9rkezik, \u00e9s a bakszak\u00e1l, a k\u00edgy\u00f3hagyma, az orgona, az ak\u00e1c vagy a bodza megint csak kedves gyerekkori eml\u00e9keket id\u00e9z. Errefel\u00e9 r\u00e9gesr\u00e9gi, kedvelt gyerekcsemege p\u00e9ld\u00e1ul az \u00e9des t\u00e9sztabund\u00e1ban, forr\u00f3 olajban kis\u00fct\u00f6tt bodzavir\u00e1g. A tavasz v\u00e9g\u00e9t jelz\u0151, illatos-ropog\u00f3s \u00e9dess\u00e9g \u00f6ssze is foglalja mindazt, ahogy a szabolcsi konyha m\u0171k\u00f6dik: egyszer\u0171 technik\u00e1kkal \u00e9s lelem\u00e9nnyel nagyszer\u0171 dolgokat hoz ki abb\u00f3l, ami kertben, kert v\u00e9g\u00e9n, erd\u0151n-mez\u0151n terem.<\/p>\n","protected":false},"excerpt":{"rendered":"<p>A Salt konyh\u00e1ja ezer sz\u00e1lon kapcsol\u00f3dik Szil\u00e1rd m\u00e1t\u00e9szalkai gy\u00f6kereihez \u00e9s ahhoz az ig\u00e9ny\u00e9hez, hogy erre munk\u00e1ja sor\u00e1n visszautaljon. Az \u00faj tavaszi \u00e9tlap megtervez\u00e9sekor nemcsak gyerekkori \u00e9lm\u00e9nyeire t\u00e1maszkodott, de haza is utazott, hogy \u00fajra elmer\u00fclj\u00f6n abban az egyszer\u0171 paraszti konyh\u00e1ban, amiben mindennek \u00e9rt\u00e9ke van, amit a term\u00e9szet ad. A buck\u00e1kkal, gy\u00fcm\u00f6lcs\u00f6kkel taglalt ny\u00edrs\u00e9g \u00e9l\u0151vil\u00e1g\u00e1hoz a mez\u0151gazdas\u00e1gb\u00f3l [&hellip;]<\/p>\n","protected":false},"author":5,"featured_media":294,"comment_status":"open","ping_status":"open","sticky":false,"template":"","format":"standard","meta":{"_et_pb_use_builder":"","_et_pb_old_content":"","_et_gb_content_width":"","footnotes":""},"categories":[18],"tags":[],"class_list":["post-726","post","type-post","status-publish","format-standard","has-post-thumbnail","hentry","category-uncategorized-hu"],"yoast_head":"<!-- This site is optimized with the Yoast SEO Premium plugin v27.4 (Yoast SEO v27.4) - https:\/\/yoast.com\/product\/yoast-seo-premium-wordpress\/ -->\n<title>Tavaszi konyha Szabolcs-Szatm\u00e1rban - SALT Budapest<\/title>\n<meta name=\"robots\" content=\"index, follow, max-snippet:-1, max-image-preview:large, max-video-preview:-1\" \/>\n<link rel=\"canonical\" href=\"https:\/\/saltbudapest.com\/hu\/tavaszi-konyha-szabolcs-szatmarban-salt\/\" \/>\n<meta property=\"og:locale\" content=\"hu_HU\" \/>\n<meta property=\"og:type\" content=\"article\" \/>\n<meta property=\"og:title\" content=\"Tavaszi konyha Szabolcs-Szatm\u00e1rban\" \/>\n<meta property=\"og:description\" content=\"A Salt konyh\u00e1ja ezer sz\u00e1lon kapcsol\u00f3dik Szil\u00e1rd m\u00e1t\u00e9szalkai gy\u00f6kereihez \u00e9s ahhoz az ig\u00e9ny\u00e9hez, hogy erre munk\u00e1ja sor\u00e1n visszautaljon. Az \u00faj tavaszi \u00e9tlap megtervez\u00e9sekor nemcsak gyerekkori \u00e9lm\u00e9nyeire t\u00e1maszkodott, de haza is utazott, hogy \u00fajra elmer\u00fclj\u00f6n abban az egyszer\u0171 paraszti konyh\u00e1ban, amiben mindennek \u00e9rt\u00e9ke van, amit a term\u00e9szet ad. A buck\u00e1kkal, gy\u00fcm\u00f6lcs\u00f6kkel taglalt ny\u00edrs\u00e9g \u00e9l\u0151vil\u00e1g\u00e1hoz a mez\u0151gazdas\u00e1gb\u00f3l [&hellip;]\" \/>\n<meta property=\"og:url\" content=\"https:\/\/saltbudapest.com\/hu\/tavaszi-konyha-szabolcs-szatmarban-salt\/\" \/>\n<meta property=\"og:site_name\" content=\"SALT Budapest\" \/>\n<meta property=\"article:published_time\" content=\"2023-12-04T14:28:42+00:00\" \/>\n<meta property=\"article:modified_time\" content=\"2024-07-13T12:38:15+00:00\" \/>\n<meta property=\"og:image\" content=\"https:\/\/saltbudapest.com\/wp-content\/uploads\/2023\/12\/IMG_2364-1.jpg\" \/>\n\t<meta property=\"og:image:width\" content=\"1500\" \/>\n\t<meta property=\"og:image:height\" content=\"1000\" \/>\n\t<meta property=\"og:image:type\" content=\"image\/jpeg\" \/>\n<meta name=\"author\" content=\"kata.szabo\" \/>\n<meta name=\"twitter:card\" content=\"summary_large_image\" \/>\n<meta name=\"twitter:label1\" content=\"Szerz\u0151:\" \/>\n\t<meta name=\"twitter:data1\" content=\"kata.szabo\" \/>\n\t<meta name=\"twitter:label2\" content=\"Becs\u00fclt olvas\u00e1si id\u0151\" \/>\n\t<meta name=\"twitter:data2\" content=\"5 perc\" \/>\n<script type=\"application\/ld+json\" class=\"yoast-schema-graph\">{\"@context\":\"https:\\\/\\\/schema.org\",\"@graph\":[{\"@type\":\"Article\",\"@id\":\"https:\\\/\\\/saltbudapest.com\\\/hu\\\/tavaszi-konyha-szabolcs-szatmarban-salt\\\/#article\",\"isPartOf\":{\"@id\":\"https:\\\/\\\/saltbudapest.com\\\/hu\\\/tavaszi-konyha-szabolcs-szatmarban-salt\\\/\"},\"author\":{\"name\":\"kata.szabo\",\"@id\":\"https:\\\/\\\/saltbudapest.com\\\/hu\\\/#\\\/schema\\\/person\\\/4b9dca96493e25494f2f9c265ec529c0\"},\"headline\":\"Tavaszi konyha Szabolcs-Szatm\u00e1rban\",\"datePublished\":\"2023-12-04T14:28:42+00:00\",\"dateModified\":\"2024-07-13T12:38:15+00:00\",\"mainEntityOfPage\":{\"@id\":\"https:\\\/\\\/saltbudapest.com\\\/hu\\\/tavaszi-konyha-szabolcs-szatmarban-salt\\\/\"},\"wordCount\":1053,\"commentCount\":0,\"publisher\":{\"@id\":\"https:\\\/\\\/saltbudapest.com\\\/hu\\\/#organization\"},\"image\":{\"@id\":\"https:\\\/\\\/saltbudapest.com\\\/hu\\\/tavaszi-konyha-szabolcs-szatmarban-salt\\\/#primaryimage\"},\"thumbnailUrl\":\"https:\\\/\\\/saltbudapest.com\\\/wp-content\\\/uploads\\\/2023\\\/12\\\/IMG_2364-1.jpg\",\"articleSection\":[\"Uncategorized @hu\"],\"inLanguage\":\"hu\"},{\"@type\":\"WebPage\",\"@id\":\"https:\\\/\\\/saltbudapest.com\\\/hu\\\/tavaszi-konyha-szabolcs-szatmarban-salt\\\/\",\"url\":\"https:\\\/\\\/saltbudapest.com\\\/hu\\\/tavaszi-konyha-szabolcs-szatmarban-salt\\\/\",\"name\":\"Tavaszi konyha Szabolcs-Szatm\u00e1rban - SALT Budapest\",\"isPartOf\":{\"@id\":\"https:\\\/\\\/saltbudapest.com\\\/hu\\\/#website\"},\"primaryImageOfPage\":{\"@id\":\"https:\\\/\\\/saltbudapest.com\\\/hu\\\/tavaszi-konyha-szabolcs-szatmarban-salt\\\/#primaryimage\"},\"image\":{\"@id\":\"https:\\\/\\\/saltbudapest.com\\\/hu\\\/tavaszi-konyha-szabolcs-szatmarban-salt\\\/#primaryimage\"},\"thumbnailUrl\":\"https:\\\/\\\/saltbudapest.com\\\/wp-content\\\/uploads\\\/2023\\\/12\\\/IMG_2364-1.jpg\",\"datePublished\":\"2023-12-04T14:28:42+00:00\",\"dateModified\":\"2024-07-13T12:38:15+00:00\",\"breadcrumb\":{\"@id\":\"https:\\\/\\\/saltbudapest.com\\\/hu\\\/tavaszi-konyha-szabolcs-szatmarban-salt\\\/#breadcrumb\"},\"inLanguage\":\"hu\",\"potentialAction\":[{\"@type\":\"ReadAction\",\"target\":[\"https:\\\/\\\/saltbudapest.com\\\/hu\\\/tavaszi-konyha-szabolcs-szatmarban-salt\\\/\"]}]},{\"@type\":\"ImageObject\",\"inLanguage\":\"hu\",\"@id\":\"https:\\\/\\\/saltbudapest.com\\\/hu\\\/tavaszi-konyha-szabolcs-szatmarban-salt\\\/#primaryimage\",\"url\":\"https:\\\/\\\/saltbudapest.com\\\/wp-content\\\/uploads\\\/2023\\\/12\\\/IMG_2364-1.jpg\",\"contentUrl\":\"https:\\\/\\\/saltbudapest.com\\\/wp-content\\\/uploads\\\/2023\\\/12\\\/IMG_2364-1.jpg\",\"width\":1500,\"height\":1000},{\"@type\":\"BreadcrumbList\",\"@id\":\"https:\\\/\\\/saltbudapest.com\\\/hu\\\/tavaszi-konyha-szabolcs-szatmarban-salt\\\/#breadcrumb\",\"itemListElement\":[{\"@type\":\"ListItem\",\"position\":1,\"name\":\"Home\",\"item\":\"https:\\\/\\\/saltbudapest.com\\\/hu\\\/\"},{\"@type\":\"ListItem\",\"position\":2,\"name\":\"Tavaszi konyha Szabolcs-Szatm\u00e1rban\"}]},{\"@type\":\"WebSite\",\"@id\":\"https:\\\/\\\/saltbudapest.com\\\/hu\\\/#website\",\"url\":\"https:\\\/\\\/saltbudapest.com\\\/hu\\\/\",\"name\":\"SALT Budapest\",\"description\":\"\",\"publisher\":{\"@id\":\"https:\\\/\\\/saltbudapest.com\\\/hu\\\/#organization\"},\"potentialAction\":[{\"@type\":\"SearchAction\",\"target\":{\"@type\":\"EntryPoint\",\"urlTemplate\":\"https:\\\/\\\/saltbudapest.com\\\/hu\\\/?s={search_term_string}\"},\"query-input\":{\"@type\":\"PropertyValueSpecification\",\"valueRequired\":true,\"valueName\":\"search_term_string\"}}],\"inLanguage\":\"hu\"},{\"@type\":\"Organization\",\"@id\":\"https:\\\/\\\/saltbudapest.com\\\/hu\\\/#organization\",\"name\":\"SALT Budapest\",\"url\":\"https:\\\/\\\/saltbudapest.com\\\/hu\\\/\",\"logo\":{\"@type\":\"ImageObject\",\"inLanguage\":\"hu\",\"@id\":\"https:\\\/\\\/saltbudapest.com\\\/hu\\\/#\\\/schema\\\/logo\\\/image\\\/\",\"url\":\"https:\\\/\\\/saltbudapest.com\\\/wp-content\\\/uploads\\\/2023\\\/11\\\/logo.svg\",\"contentUrl\":\"https:\\\/\\\/saltbudapest.com\\\/wp-content\\\/uploads\\\/2023\\\/11\\\/logo.svg\",\"width\":1,\"height\":1,\"caption\":\"SALT Budapest\"},\"image\":{\"@id\":\"https:\\\/\\\/saltbudapest.com\\\/hu\\\/#\\\/schema\\\/logo\\\/image\\\/\"}},{\"@type\":\"Person\",\"@id\":\"https:\\\/\\\/saltbudapest.com\\\/hu\\\/#\\\/schema\\\/person\\\/4b9dca96493e25494f2f9c265ec529c0\",\"name\":\"kata.szabo\",\"image\":{\"@type\":\"ImageObject\",\"inLanguage\":\"hu\",\"@id\":\"https:\\\/\\\/secure.gravatar.com\\\/avatar\\\/1ad8fe8796dcbe4fb43e0dbcd29d72b0967defcc085b8f4e122ac368a401956c?s=96&d=mm&r=g\",\"url\":\"https:\\\/\\\/secure.gravatar.com\\\/avatar\\\/1ad8fe8796dcbe4fb43e0dbcd29d72b0967defcc085b8f4e122ac368a401956c?s=96&d=mm&r=g\",\"contentUrl\":\"https:\\\/\\\/secure.gravatar.com\\\/avatar\\\/1ad8fe8796dcbe4fb43e0dbcd29d72b0967defcc085b8f4e122ac368a401956c?s=96&d=mm&r=g\",\"caption\":\"kata.szabo\"}}]}<\/script>\n<!-- \/ Yoast SEO Premium plugin. -->","yoast_head_json":{"title":"Tavaszi konyha Szabolcs-Szatm\u00e1rban - SALT Budapest","robots":{"index":"index","follow":"follow","max-snippet":"max-snippet:-1","max-image-preview":"max-image-preview:large","max-video-preview":"max-video-preview:-1"},"canonical":"https:\/\/saltbudapest.com\/hu\/tavaszi-konyha-szabolcs-szatmarban-salt\/","og_locale":"hu_HU","og_type":"article","og_title":"Tavaszi konyha Szabolcs-Szatm\u00e1rban","og_description":"A Salt konyh\u00e1ja ezer sz\u00e1lon kapcsol\u00f3dik Szil\u00e1rd m\u00e1t\u00e9szalkai gy\u00f6kereihez \u00e9s ahhoz az ig\u00e9ny\u00e9hez, hogy erre munk\u00e1ja sor\u00e1n visszautaljon. Az \u00faj tavaszi \u00e9tlap megtervez\u00e9sekor nemcsak gyerekkori \u00e9lm\u00e9nyeire t\u00e1maszkodott, de haza is utazott, hogy \u00fajra elmer\u00fclj\u00f6n abban az egyszer\u0171 paraszti konyh\u00e1ban, amiben mindennek \u00e9rt\u00e9ke van, amit a term\u00e9szet ad. A buck\u00e1kkal, gy\u00fcm\u00f6lcs\u00f6kkel taglalt ny\u00edrs\u00e9g \u00e9l\u0151vil\u00e1g\u00e1hoz a mez\u0151gazdas\u00e1gb\u00f3l [&hellip;]","og_url":"https:\/\/saltbudapest.com\/hu\/tavaszi-konyha-szabolcs-szatmarban-salt\/","og_site_name":"SALT Budapest","article_published_time":"2023-12-04T14:28:42+00:00","article_modified_time":"2024-07-13T12:38:15+00:00","og_image":[{"width":1500,"height":1000,"url":"https:\/\/saltbudapest.com\/wp-content\/uploads\/2023\/12\/IMG_2364-1.jpg","type":"image\/jpeg"}],"author":"kata.szabo","twitter_card":"summary_large_image","twitter_misc":{"Szerz\u0151:":"kata.szabo","Becs\u00fclt olvas\u00e1si id\u0151":"5 perc"},"schema":{"@context":"https:\/\/schema.org","@graph":[{"@type":"Article","@id":"https:\/\/saltbudapest.com\/hu\/tavaszi-konyha-szabolcs-szatmarban-salt\/#article","isPartOf":{"@id":"https:\/\/saltbudapest.com\/hu\/tavaszi-konyha-szabolcs-szatmarban-salt\/"},"author":{"name":"kata.szabo","@id":"https:\/\/saltbudapest.com\/hu\/#\/schema\/person\/4b9dca96493e25494f2f9c265ec529c0"},"headline":"Tavaszi konyha Szabolcs-Szatm\u00e1rban","datePublished":"2023-12-04T14:28:42+00:00","dateModified":"2024-07-13T12:38:15+00:00","mainEntityOfPage":{"@id":"https:\/\/saltbudapest.com\/hu\/tavaszi-konyha-szabolcs-szatmarban-salt\/"},"wordCount":1053,"commentCount":0,"publisher":{"@id":"https:\/\/saltbudapest.com\/hu\/#organization"},"image":{"@id":"https:\/\/saltbudapest.com\/hu\/tavaszi-konyha-szabolcs-szatmarban-salt\/#primaryimage"},"thumbnailUrl":"https:\/\/saltbudapest.com\/wp-content\/uploads\/2023\/12\/IMG_2364-1.jpg","articleSection":["Uncategorized @hu"],"inLanguage":"hu"},{"@type":"WebPage","@id":"https:\/\/saltbudapest.com\/hu\/tavaszi-konyha-szabolcs-szatmarban-salt\/","url":"https:\/\/saltbudapest.com\/hu\/tavaszi-konyha-szabolcs-szatmarban-salt\/","name":"Tavaszi konyha Szabolcs-Szatm\u00e1rban - SALT Budapest","isPartOf":{"@id":"https:\/\/saltbudapest.com\/hu\/#website"},"primaryImageOfPage":{"@id":"https:\/\/saltbudapest.com\/hu\/tavaszi-konyha-szabolcs-szatmarban-salt\/#primaryimage"},"image":{"@id":"https:\/\/saltbudapest.com\/hu\/tavaszi-konyha-szabolcs-szatmarban-salt\/#primaryimage"},"thumbnailUrl":"https:\/\/saltbudapest.com\/wp-content\/uploads\/2023\/12\/IMG_2364-1.jpg","datePublished":"2023-12-04T14:28:42+00:00","dateModified":"2024-07-13T12:38:15+00:00","breadcrumb":{"@id":"https:\/\/saltbudapest.com\/hu\/tavaszi-konyha-szabolcs-szatmarban-salt\/#breadcrumb"},"inLanguage":"hu","potentialAction":[{"@type":"ReadAction","target":["https:\/\/saltbudapest.com\/hu\/tavaszi-konyha-szabolcs-szatmarban-salt\/"]}]},{"@type":"ImageObject","inLanguage":"hu","@id":"https:\/\/saltbudapest.com\/hu\/tavaszi-konyha-szabolcs-szatmarban-salt\/#primaryimage","url":"https:\/\/saltbudapest.com\/wp-content\/uploads\/2023\/12\/IMG_2364-1.jpg","contentUrl":"https:\/\/saltbudapest.com\/wp-content\/uploads\/2023\/12\/IMG_2364-1.jpg","width":1500,"height":1000},{"@type":"BreadcrumbList","@id":"https:\/\/saltbudapest.com\/hu\/tavaszi-konyha-szabolcs-szatmarban-salt\/#breadcrumb","itemListElement":[{"@type":"ListItem","position":1,"name":"Home","item":"https:\/\/saltbudapest.com\/hu\/"},{"@type":"ListItem","position":2,"name":"Tavaszi konyha Szabolcs-Szatm\u00e1rban"}]},{"@type":"WebSite","@id":"https:\/\/saltbudapest.com\/hu\/#website","url":"https:\/\/saltbudapest.com\/hu\/","name":"SALT Budapest","description":"","publisher":{"@id":"https:\/\/saltbudapest.com\/hu\/#organization"},"potentialAction":[{"@type":"SearchAction","target":{"@type":"EntryPoint","urlTemplate":"https:\/\/saltbudapest.com\/hu\/?s={search_term_string}"},"query-input":{"@type":"PropertyValueSpecification","valueRequired":true,"valueName":"search_term_string"}}],"inLanguage":"hu"},{"@type":"Organization","@id":"https:\/\/saltbudapest.com\/hu\/#organization","name":"SALT Budapest","url":"https:\/\/saltbudapest.com\/hu\/","logo":{"@type":"ImageObject","inLanguage":"hu","@id":"https:\/\/saltbudapest.com\/hu\/#\/schema\/logo\/image\/","url":"https:\/\/saltbudapest.com\/wp-content\/uploads\/2023\/11\/logo.svg","contentUrl":"https:\/\/saltbudapest.com\/wp-content\/uploads\/2023\/11\/logo.svg","width":1,"height":1,"caption":"SALT Budapest"},"image":{"@id":"https:\/\/saltbudapest.com\/hu\/#\/schema\/logo\/image\/"}},{"@type":"Person","@id":"https:\/\/saltbudapest.com\/hu\/#\/schema\/person\/4b9dca96493e25494f2f9c265ec529c0","name":"kata.szabo","image":{"@type":"ImageObject","inLanguage":"hu","@id":"https:\/\/secure.gravatar.com\/avatar\/1ad8fe8796dcbe4fb43e0dbcd29d72b0967defcc085b8f4e122ac368a401956c?s=96&d=mm&r=g","url":"https:\/\/secure.gravatar.com\/avatar\/1ad8fe8796dcbe4fb43e0dbcd29d72b0967defcc085b8f4e122ac368a401956c?s=96&d=mm&r=g","contentUrl":"https:\/\/secure.gravatar.com\/avatar\/1ad8fe8796dcbe4fb43e0dbcd29d72b0967defcc085b8f4e122ac368a401956c?s=96&d=mm&r=g","caption":"kata.szabo"}}]}},"_links":{"self":[{"href":"https:\/\/saltbudapest.com\/hu\/wp-json\/wp\/v2\/posts\/726","targetHints":{"allow":["GET"]}}],"collection":[{"href":"https:\/\/saltbudapest.com\/hu\/wp-json\/wp\/v2\/posts"}],"about":[{"href":"https:\/\/saltbudapest.com\/hu\/wp-json\/wp\/v2\/types\/post"}],"author":[{"embeddable":true,"href":"https:\/\/saltbudapest.com\/hu\/wp-json\/wp\/v2\/users\/5"}],"replies":[{"embeddable":true,"href":"https:\/\/saltbudapest.com\/hu\/wp-json\/wp\/v2\/comments?post=726"}],"version-history":[{"count":1,"href":"https:\/\/saltbudapest.com\/hu\/wp-json\/wp\/v2\/posts\/726\/revisions"}],"predecessor-version":[{"id":3647,"href":"https:\/\/saltbudapest.com\/hu\/wp-json\/wp\/v2\/posts\/726\/revisions\/3647"}],"wp:featuredmedia":[{"embeddable":true,"href":"https:\/\/saltbudapest.com\/hu\/wp-json\/wp\/v2\/media\/294"}],"wp:attachment":[{"href":"https:\/\/saltbudapest.com\/hu\/wp-json\/wp\/v2\/media?parent=726"}],"wp:term":[{"taxonomy":"category","embeddable":true,"href":"https:\/\/saltbudapest.com\/hu\/wp-json\/wp\/v2\/categories?post=726"},{"taxonomy":"post_tag","embeddable":true,"href":"https:\/\/saltbudapest.com\/hu\/wp-json\/wp\/v2\/tags?post=726"}],"curies":[{"name":"wp","href":"https:\/\/api.w.org\/{rel}","templated":true}]}}